{"id":9919,"date":"2024-02-29T20:00:00","date_gmt":"2024-03-01T02:00:00","guid":{"rendered":"https:\/\/cronicadesoledad.com\/?p=9919"},"modified":"2024-02-29T20:47:13","modified_gmt":"2024-03-01T02:47:13","slug":"sector-empresarial-reconoce-bondades-economicas-que-representa-la-fenae-2024","status":"publish","type":"post","link":"https:\/\/cronicadesoledad.com\/index.php\/2024\/02\/29\/sector-empresarial-reconoce-bondades-economicas-que-representa-la-fenae-2024\/","title":{"rendered":"Sector empresarial reconoce bondades econ\u00f3micas que representa la Fenae 2024"},"content":{"rendered":"\n<p>Durante la presentaci\u00f3n oficial de la edici\u00f3n 2024 de la Feria Nacional de la Enchilada (FENAE), el sector empresarial de San Luis Potos\u00ed reconoci\u00f3 las bondades que esta fiesta de las y los soledenses representa para el desarrollo y avance econ\u00f3mico del Estado, generando competitividad con entidades federativas vecinas, lo que deriva en mayores ingresos para las familias y sectores productivos.<\/p>\n\n\n\n<p>Julia Abud Sarquis, presidenta del Consejo Empresarial Mexicano \u201cCap\u00edtulo San Luis\u201d, asegur\u00f3 que eventos como la FENAE son \u201cmuy buenos para el estado, debido a los productos como la enchilada potosina, los cuales gozan de gran demanda por su sabor y su consumo, lo que se traduce en econom\u00eda en movimiento para San Luis Potos\u00ed, ya que la derrama que deja se puede equiparar a otros productos potosinos como el rebozo, al ser materia de exportaci\u00f3n\u201d.<\/p>\n\n\n\n<p>Por su parte, Juan Manuel P\u00e9rez Herrera, presidente local de la C\u00e1mara de la Industria en San Luis Potos\u00ed, mencion\u00f3: \u201cdefinitivamente, todo evento que se lleve a cabo ya sea cultural o social como la FENAE, que es muy importante a nivel nacional, nos ayuda tremendamente a estar a la par y en competencia con nuestros estados vecinos como Quer\u00e9taro y Guanajuato, que traen un producto per c\u00e1pita muy fuerte\u201d, adem\u00e1s agreg\u00f3 que es importante que se sigan desarrollando este tipo de eventos.<\/p>\n\n\n\n<p>Por su parte, Francisco Naif, presidente de la Asociaci\u00f3n Mexicana de Profesionales Inmobiliarios (AMPI), comparti\u00f3 la emoci\u00f3n de estar presentes en este tipo de eventos y afirm\u00f3 que la FENAE es una muestra de lo que se est\u00e1 logrando y de lo progresista que es el municipio, adem\u00e1s de ser una proyecci\u00f3n de lo que realmente es Soledad y el Estado potosino, en donde existe un genuino inter\u00e9s en detonar y desarrollar la econom\u00eda y el progreso en San Luis Potos\u00ed.<\/p>\n","protected":false},"excerpt":{"rendered":"<p>Durante la presentaci\u00f3n oficial de la edici\u00f3n 2024 de la Feria Nacional de la Enchilada (FENAE), el sector empresarial de San Luis Potos\u00ed reconoci\u00f3 las bondades que esta fiesta de las y los soledenses representa para el desarrollo y avance econ\u00f3mico del Estado, generando competitividad con entidades federativas vecinas, lo que deriva en mayores ingresos [&hellip;]<\/p>\n","protected":false},"author":2,"featured_media":9920,"comment_status":"open","ping_status":"open","sticky":false,"template":"","format":"standard","meta":{"footnotes":""},"categories":[24,21],"tags":[81,223,1860,1635,1473,1472,1658,29,294,1861,261,27],"class_list":{"0":"post-9919","1":"post","2":"type-post","3":"status-publish","4":"format-standard","5":"has-post-thumbnail","7":"category-informacion-general","8":"category-tu-soledad","9":"tag-alcaldesa-soledense","10":"tag-ayuntamiento-soledense","11":"tag-empresarios","12":"tag-fenae","13":"tag-fenae-2024","14":"tag-feria-nacional-de-la-enchilada","15":"tag-feria-nacional-de-la-enchilada-2024","16":"tag-leonor-noyola","17":"tag-san-luis","18":"tag-sector-empresarial","19":"tag-slp","20":"tag-soledad"},"_links":{"self":[{"href":"https:\/\/cronicadesoledad.com\/index.php\/wp-json\/wp\/v2\/posts\/9919","targetHints":{"allow":["GET"]}}],"collection":[{"href":"https:\/\/cronicadesoledad.com\/index.php\/wp-json\/wp\/v2\/posts"}],"about":[{"href":"https:\/\/cronicadesoledad.com\/index.php\/wp-json\/wp\/v2\/types\/post"}],"author":[{"embeddable":true,"href":"https:\/\/cronicadesoledad.com\/index.php\/wp-json\/wp\/v2\/users\/2"}],"replies":[{"embeddable":true,"href":"https:\/\/cronicadesoledad.com\/index.php\/wp-json\/wp\/v2\/comments?post=9919"}],"version-history":[{"count":1,"href":"https:\/\/cronicadesoledad.com\/index.php\/wp-json\/wp\/v2\/posts\/9919\/revisions"}],"predecessor-version":[{"id":9921,"href":"https:\/\/cronicadesoledad.com\/index.php\/wp-json\/wp\/v2\/posts\/9919\/revisions\/9921"}],"wp:featuredmedia":[{"embeddable":true,"href":"https:\/\/cronicadesoledad.com\/index.php\/wp-json\/wp\/v2\/media\/9920"}],"wp:attachment":[{"href":"https:\/\/cronicadesoledad.com\/index.php\/wp-json\/wp\/v2\/media?parent=9919"}],"wp:term":[{"taxonomy":"category","embeddable":true,"href":"https:\/\/cronicadesoledad.com\/index.php\/wp-json\/wp\/v2\/categories?post=9919"},{"taxonomy":"post_tag","embeddable":true,"href":"https:\/\/cronicadesoledad.com\/index.php\/wp-json\/wp\/v2\/tags?post=9919"}],"curies":[{"name":"wp","href":"https:\/\/api.w.org\/{rel}","templated":true}]}}