{"id":9938,"date":"2024-03-02T17:00:00","date_gmt":"2024-03-02T23:00:00","guid":{"rendered":"https:\/\/cronicadesoledad.com\/?p=9938"},"modified":"2024-03-04T16:57:22","modified_gmt":"2024-03-04T22:57:22","slug":"deja-leonor-noyola-la-presidencia","status":"publish","type":"post","link":"https:\/\/cronicadesoledad.com\/index.php\/2024\/03\/02\/deja-leonor-noyola-la-presidencia\/","title":{"rendered":"Deja Leonor Noyola la presidencia"},"content":{"rendered":"\n<p>Este s\u00e1bado 2 de marzo, durante la Quinta Sesi\u00f3n Extraordinaria del Cabildo Municipal de Soledad de Graciano S\u00e1nchez, el cuerpo edilicio aprob\u00f3 por unanimidad la solicitud presentada por la Alcaldesa Leonor Noyola Cervantes, para separarse de su cargo por raz\u00f3n de motivos personales.<\/p>\n\n\n\n<p>La petici\u00f3n fue presentada por el secretario General del Ayuntamiento, Ernesto Jes\u00fas Barajas \u00c1brego, quien luego de la aprobaci\u00f3n inform\u00f3 al Cabildo la propuesta para que Araceli Mart\u00ednez P\u00e9rez quede al frente de la administraci\u00f3n municipal, quien se desempe\u00f1aba hasta este d\u00eda como primera S\u00edndico, lo cual fue aprobado de manera un\u00e1nime. Enseguida, la ahora presidenta municipal interina tom\u00f3 protesta de ley ante las y los miembros de Cabildo.<\/p>\n\n\n\n<p>Leonor Noyola Cervantes agradeci\u00f3 a la poblaci\u00f3n soledense por el acompa\u00f1amiento y confianza en el trabajo logrado durante m\u00e1s de dos a\u00f1os, en colonias y comunidades del municipio. Tambi\u00e9n reconoci\u00f3 el impulso y respaldo de las y los regidores al trabajo municipal en beneficio de la ciudadan\u00eda, logrando que hoy haya mejor calidad de vida para todos los sectores de la poblaci\u00f3n.<\/p>\n\n\n\n<p>Mencion\u00f3 que se queda un equipo fortaleciendo y sensible a las necesidades sociales en todas las \u00e1reas del Gobierno municipal, con una visi\u00f3n de trabajo constante, por lo que asegur\u00f3 continuar\u00e1n los resultados en el servicio p\u00fablico a las y los soledenses.<\/p>\n\n\n\n<p>Destac\u00f3 su confianza en Araceli Mart\u00ednez P\u00e9rez para dar seguimiento a los proyectos y programas en marcha, asegurando que &#8220;el cambio de estafeta se realiza en el mejor momento, con la administraci\u00f3n municipal en una posici\u00f3n s\u00f3lida y con rumbos claros&#8221;.<\/p>\n\n\n\n<p>Por su parte, Mart\u00ednez P\u00e9rez agradeci\u00f3 la confianza depositada para asumir este importante reto: &#8220;es un honor para m\u00ed asumir la responsabilidad de guiar el destino de nuestro municipio en este periodo, asumo este compromiso con la determinaci\u00f3n de mantener la ruta de progreso y bienestar para nuestra comunidad&#8221;.<\/p>\n\n\n\n<p>La ahora presidenta municipal interina tiene una trayectoria en el servicio p\u00fablico desde hace m\u00e1s de 10 a\u00f1os; sus \u00faltimas encomiendas fueron los servicios en Oficial\u00eda del Registro Civil y al frente de los encargos jur\u00eddica del Ayuntamiento.<\/p>\n","protected":false},"excerpt":{"rendered":"<p>Este s\u00e1bado 2 de marzo, durante la Quinta Sesi\u00f3n Extraordinaria del Cabildo Municipal de Soledad de Graciano S\u00e1nchez, el cuerpo edilicio aprob\u00f3 por unanimidad la solicitud presentada por la Alcaldesa Leonor Noyola Cervantes, para separarse de su cargo por raz\u00f3n de motivos personales. La petici\u00f3n fue presentada por el secretario General del Ayuntamiento, Ernesto Jes\u00fas [&hellip;]<\/p>\n","protected":false},"author":2,"featured_media":9939,"comment_status":"open","ping_status":"open","sticky":false,"template":"","format":"standard","meta":{"footnotes":""},"categories":[1,24,21],"tags":[1872,81,223,29,1873,294,261,27],"class_list":{"0":"post-9938","1":"post","2":"type-post","3":"status-publish","4":"format-standard","5":"has-post-thumbnail","7":"category-destacadas","8":"category-informacion-general","9":"category-tu-soledad","10":"tag-alcaldesa","11":"tag-alcaldesa-soledense","12":"tag-ayuntamiento-soledense","13":"tag-leonor-noyola","14":"tag-renuncia","15":"tag-san-luis","16":"tag-slp","17":"tag-soledad"},"_links":{"self":[{"href":"https:\/\/cronicadesoledad.com\/index.php\/wp-json\/wp\/v2\/posts\/9938","targetHints":{"allow":["GET"]}}],"collection":[{"href":"https:\/\/cronicadesoledad.com\/index.php\/wp-json\/wp\/v2\/posts"}],"about":[{"href":"https:\/\/cronicadesoledad.com\/index.php\/wp-json\/wp\/v2\/types\/post"}],"author":[{"embeddable":true,"href":"https:\/\/cronicadesoledad.com\/index.php\/wp-json\/wp\/v2\/users\/2"}],"replies":[{"embeddable":true,"href":"https:\/\/cronicadesoledad.com\/index.php\/wp-json\/wp\/v2\/comments?post=9938"}],"version-history":[{"count":1,"href":"https:\/\/cronicadesoledad.com\/index.php\/wp-json\/wp\/v2\/posts\/9938\/revisions"}],"predecessor-version":[{"id":9940,"href":"https:\/\/cronicadesoledad.com\/index.php\/wp-json\/wp\/v2\/posts\/9938\/revisions\/9940"}],"wp:featuredmedia":[{"embeddable":true,"href":"https:\/\/cronicadesoledad.com\/index.php\/wp-json\/wp\/v2\/media\/9939"}],"wp:attachment":[{"href":"https:\/\/cronicadesoledad.com\/index.php\/wp-json\/wp\/v2\/media?parent=9938"}],"wp:term":[{"taxonomy":"category","embeddable":true,"href":"https:\/\/cronicadesoledad.com\/index.php\/wp-json\/wp\/v2\/categories?post=9938"},{"taxonomy":"post_tag","embeddable":true,"href":"https:\/\/cronicadesoledad.com\/index.php\/wp-json\/wp\/v2\/tags?post=9938"}],"curies":[{"name":"wp","href":"https:\/\/api.w.org\/{rel}","templated":true}]}}