{"id":9941,"date":"2024-03-11T03:00:00","date_gmt":"2024-03-11T09:00:00","guid":{"rendered":"https:\/\/cronicadesoledad.com\/?p=9941"},"modified":"2024-03-10T23:44:57","modified_gmt":"2024-03-11T05:44:57","slug":"emiten-medidas-preventivas-ante-temporada-de-calor","status":"publish","type":"post","link":"https:\/\/cronicadesoledad.com\/index.php\/2024\/03\/11\/emiten-medidas-preventivas-ante-temporada-de-calor\/","title":{"rendered":"Establecen medidas preventivas por temporada de calor"},"content":{"rendered":"\n<p>Soledad de Graciano S\u00e1nchez, San Luis Potos\u00ed. &#8211; Ante la llegada de la temporada de calor, el \u00e1rea de Servicio M\u00e9dico del Gobierno Soledense emiti\u00f3 una serie de recomendaciones clave para salvaguardar la salud de la poblaci\u00f3n ante las altas temperaturas que se registraran en la entidad.<\/p>\n\n\n\n<p>Prevenir enfermedades y complicaciones derivadas de este fen\u00f3meno clim\u00e1tico, son los dos principales motivos por los que el gobierno municipal soledense emiti\u00f3 medidas precautorias para que sean atendidas por la poblaci\u00f3n, entre las que destacan una hidrataci\u00f3n permanente y suficiente, as\u00ed como lavado de manos constante y adecuado.<\/p>\n\n\n\n<p>La exposici\u00f3n directa al sol es otro factor de riesgo que se debe atender, especialmente durante las horas de mayor radiaci\u00f3n, por ello el \u00e1rea de Servicio M\u00e9dico exhort\u00f3 a los ciudadanos a buscar sombra, usar protectores solares de amplio espectro y vestir indumentaria adecuada que proteja la piel de los efectos nocivos de los rayos UV.<\/p>\n\n\n\n<p>La autoridad soledense hizo \u00e9nfasis particular en las poblaciones de mayor vulnerabilidad, entre las que se encuentran los menores de cinco a\u00f1os de edad y los mayores de sesenta a\u00f1os, para quienes las medidas preventivas deben ser a\u00fan m\u00e1s rigurosas, dada su mayor susceptibilidad a sufrir complicaciones de salud relacionadas con el calor, adem\u00e1s de estar atentos a cualquier signo de advertencia que requiera atenci\u00f3n m\u00e9dica inmediata.<\/p>\n\n\n\n<p>Para apoyar a la comunidad en esta temporada, el municipio cuenta con seis consultorios m\u00e9dicos gratuitos, estos espacios est\u00e1n equipados para brindar asesoramiento y tratamiento necesario a aquellos que puedan verse afectados por las altas temperaturas.<\/p>\n","protected":false},"excerpt":{"rendered":"<p>Soledad de Graciano S\u00e1nchez, San Luis Potos\u00ed. &#8211; Ante la llegada de la temporada de calor, el \u00e1rea de Servicio M\u00e9dico del Gobierno Soledense emiti\u00f3 una serie de recomendaciones clave para salvaguardar la salud de la poblaci\u00f3n ante las altas temperaturas que se registraran en la entidad. Prevenir enfermedades y complicaciones derivadas de este fen\u00f3meno [&hellip;]<\/p>\n","protected":false},"author":2,"featured_media":9942,"comment_status":"open","ping_status":"open","sticky":false,"template":"","format":"standard","meta":{"footnotes":""},"categories":[1,24,21],"tags":[223,1852,345,1874,1875,294,27],"class_list":{"0":"post-9941","1":"post","2":"type-post","3":"status-publish","4":"format-standard","5":"has-post-thumbnail","7":"category-destacadas","8":"category-informacion-general","9":"category-tu-soledad","10":"tag-ayuntamiento-soledense","11":"tag-calor","12":"tag-clima","13":"tag-medidas","14":"tag-medidas-preventivas","15":"tag-san-luis","16":"tag-soledad"},"_links":{"self":[{"href":"https:\/\/cronicadesoledad.com\/index.php\/wp-json\/wp\/v2\/posts\/9941","targetHints":{"allow":["GET"]}}],"collection":[{"href":"https:\/\/cronicadesoledad.com\/index.php\/wp-json\/wp\/v2\/posts"}],"about":[{"href":"https:\/\/cronicadesoledad.com\/index.php\/wp-json\/wp\/v2\/types\/post"}],"author":[{"embeddable":true,"href":"https:\/\/cronicadesoledad.com\/index.php\/wp-json\/wp\/v2\/users\/2"}],"replies":[{"embeddable":true,"href":"https:\/\/cronicadesoledad.com\/index.php\/wp-json\/wp\/v2\/comments?post=9941"}],"version-history":[{"count":2,"href":"https:\/\/cronicadesoledad.com\/index.php\/wp-json\/wp\/v2\/posts\/9941\/revisions"}],"predecessor-version":[{"id":9996,"href":"https:\/\/cronicadesoledad.com\/index.php\/wp-json\/wp\/v2\/posts\/9941\/revisions\/9996"}],"wp:featuredmedia":[{"embeddable":true,"href":"https:\/\/cronicadesoledad.com\/index.php\/wp-json\/wp\/v2\/media\/9942"}],"wp:attachment":[{"href":"https:\/\/cronicadesoledad.com\/index.php\/wp-json\/wp\/v2\/media?parent=9941"}],"wp:term":[{"taxonomy":"category","embeddable":true,"href":"https:\/\/cronicadesoledad.com\/index.php\/wp-json\/wp\/v2\/categories?post=9941"},{"taxonomy":"post_tag","embeddable":true,"href":"https:\/\/cronicadesoledad.com\/index.php\/wp-json\/wp\/v2\/tags?post=9941"}],"curies":[{"name":"wp","href":"https:\/\/api.w.org\/{rel}","templated":true}]}}