{"id":9966,"date":"2024-03-06T20:00:00","date_gmt":"2024-03-07T02:00:00","guid":{"rendered":"https:\/\/cronicadesoledad.com\/?p=9966"},"modified":"2024-03-06T19:33:05","modified_gmt":"2024-03-07T01:33:05","slug":"ayuntamiento-conmemorara-el-dia-internacional-de-la-mujer","status":"publish","type":"post","link":"https:\/\/cronicadesoledad.com\/index.php\/2024\/03\/06\/ayuntamiento-conmemorara-el-dia-internacional-de-la-mujer\/","title":{"rendered":"Ayuntamiento conmemorar\u00e1 el D\u00eda Internacional de la Mujer"},"content":{"rendered":"\n<p>Para conmemorar el D\u00eda Internacional de la Mujer, este 8 de marzo, el gobierno municipal de Soledad de Graciano S\u00e1nchez, a trav\u00e9s de la Instancia de la Mujer y otras dependencias municipales, llevar\u00e1 a cabo una serie de actividades enfocadas a reflexionar sobre los avances y los desaf\u00edos en la lucha por la igualdad de g\u00e9nero.<\/p>\n\n\n\n<p>Entre las actividades m\u00e1s significativas se encuentra la ceremonia de entrega de aproximadamente 80 reconocimientos a mujeres que habitan en el municipio, quienes fueron destacadas por la misma comunidad al dedicar esfuerzos en la b\u00fasqueda del bien com\u00fan de las y los soledenses, evento que se efectuar\u00e1 en el Auditorio de la Presidencia Municipal a las 12 del mediod\u00eda.&nbsp;<\/p>\n\n\n\n<p>Posteriormente, en un acto simb\u00f3lico se realizar\u00e1 la r\u00e9plica del mensaje \u201cCero Tolerancia a la Violencia Contra las Mujeres&#8221; publicado en el Peri\u00f3dico Oficial del Estado, para sumarse al mensaje de protecci\u00f3n institucional y coadyuvar en la garant\u00eda de los derechos fundamentales de las mujeres en cualquier espacio de la vida p\u00fablica.<\/p>\n\n\n\n<p>Este mensaje se colocar\u00e1 en el patio de la Presidencia Municipal y ser\u00e1 un recordatorio constante de la importancia de construir un entorno seguro e incluyente para todas y todos, donde las mujeres puedan desarrollarse en igualdad de oportunidades.<\/p>\n","protected":false},"excerpt":{"rendered":"<p>Para conmemorar el D\u00eda Internacional de la Mujer, este 8 de marzo, el gobierno municipal de Soledad de Graciano S\u00e1nchez, a trav\u00e9s de la Instancia de la Mujer y otras dependencias municipales, llevar\u00e1 a cabo una serie de actividades enfocadas a reflexionar sobre los avances y los desaf\u00edos en la lucha por la igualdad de [&hellip;]<\/p>\n","protected":false},"author":2,"featured_media":9967,"comment_status":"open","ping_status":"open","sticky":false,"template":"","format":"standard","meta":{"footnotes":""},"categories":[1,24,21],"tags":[1885,1884,223,1886,1887,294,261,27],"class_list":{"0":"post-9966","1":"post","2":"type-post","3":"status-publish","4":"format-standard","5":"has-post-thumbnail","7":"category-destacadas","8":"category-informacion-general","9":"category-tu-soledad","10":"tag-8-de-marzo","11":"tag-8m","12":"tag-ayuntamiento-soledense","13":"tag-dia-de-la-mujer","14":"tag-dia-internacional-de-la-mujer","15":"tag-san-luis","16":"tag-slp","17":"tag-soledad"},"_links":{"self":[{"href":"https:\/\/cronicadesoledad.com\/index.php\/wp-json\/wp\/v2\/posts\/9966","targetHints":{"allow":["GET"]}}],"collection":[{"href":"https:\/\/cronicadesoledad.com\/index.php\/wp-json\/wp\/v2\/posts"}],"about":[{"href":"https:\/\/cronicadesoledad.com\/index.php\/wp-json\/wp\/v2\/types\/post"}],"author":[{"embeddable":true,"href":"https:\/\/cronicadesoledad.com\/index.php\/wp-json\/wp\/v2\/users\/2"}],"replies":[{"embeddable":true,"href":"https:\/\/cronicadesoledad.com\/index.php\/wp-json\/wp\/v2\/comments?post=9966"}],"version-history":[{"count":1,"href":"https:\/\/cronicadesoledad.com\/index.php\/wp-json\/wp\/v2\/posts\/9966\/revisions"}],"predecessor-version":[{"id":9968,"href":"https:\/\/cronicadesoledad.com\/index.php\/wp-json\/wp\/v2\/posts\/9966\/revisions\/9968"}],"wp:featuredmedia":[{"embeddable":true,"href":"https:\/\/cronicadesoledad.com\/index.php\/wp-json\/wp\/v2\/media\/9967"}],"wp:attachment":[{"href":"https:\/\/cronicadesoledad.com\/index.php\/wp-json\/wp\/v2\/media?parent=9966"}],"wp:term":[{"taxonomy":"category","embeddable":true,"href":"https:\/\/cronicadesoledad.com\/index.php\/wp-json\/wp\/v2\/categories?post=9966"},{"taxonomy":"post_tag","embeddable":true,"href":"https:\/\/cronicadesoledad.com\/index.php\/wp-json\/wp\/v2\/tags?post=9966"}],"curies":[{"name":"wp","href":"https:\/\/api.w.org\/{rel}","templated":true}]}}