{"id":9975,"date":"2024-03-07T20:00:00","date_gmt":"2024-03-08T02:00:00","guid":{"rendered":"https:\/\/cronicadesoledad.com\/?p=9975"},"modified":"2024-03-07T20:12:54","modified_gmt":"2024-03-08T02:12:54","slug":"dif-soledense-invita-a-actividades-recreativas-en-centros-comunitarios","status":"publish","type":"post","link":"https:\/\/cronicadesoledad.com\/index.php\/2024\/03\/07\/dif-soledense-invita-a-actividades-recreativas-en-centros-comunitarios\/","title":{"rendered":"DIF soledense invita a actividades recreativas en centros comunitarios"},"content":{"rendered":"\n<p>El Gobierno Municipal de Soledad de Graciano S\u00e1nchez extiende una invitaci\u00f3n a la ciudadan\u00eda en general a participar en las actividades que se llevan a cabo en los ocho centros comunitarios, mismos que tiene a disposici\u00f3n el Sistema Municipal para el Desarrollo Integral de la Familia (DIF), dise\u00f1adas para personas de todas las edades.<\/p>\n\n\n\n<p>Entre las actividades destacadas para fomentar la actividad f\u00edsica se encuentran clases de zumba fitness, danz\u00f3n inclusivo, boxeo, t\u00e9cnicas de defensa personal, taekwondo Do, Lima Lama, Yoga, clases de Cumbia y Danza Folcl\u00f3rica.<\/p>\n\n\n\n<p>Asimismo, para las y los menores de implementan clases de regularizaci\u00f3n, lectura, dibujo, manualidades y computaci\u00f3n, pensando especialmente en reforzar los conocimientos acad\u00e9micos de las y los j\u00f3venes estudiantes y desarrollar nuevas habilidades en un ambiente divertido y seguro.<\/p>\n\n\n\n<p>En estos espacios tambi\u00e9n se efect\u00faan talleres de cocina enfocados en la reposter\u00eda y panader\u00eda, y recientemente se agreg\u00f3 el taller para aprender a elaborar platillos t\u00edpicos durante la temporada de cuaresma.<\/p>\n\n\n\n<p>Adem\u00e1s, los centros comunitarios son espacios abiertos a pl\u00e1ticas de concientizaci\u00f3n en los que tambi\u00e9n se ofrece atenci\u00f3n psicol\u00f3gica, buscando as\u00ed abordar integralmente las necesidades de la comunidad.<\/p>\n\n\n\n<p>Las y los interesados en participar o recibir m\u00e1s informaci\u00f3n sobre c\u00f3mo registrarse en cualquiera de estas actividades pueden comunicarse al n\u00famero de contacto 444 854-51-02 y 444 831-16-54, o bien dirigirse a cualquiera de los centros comunitarios ubicados en las siguientes direcciones:<\/p>\n\n\n\n<ul class=\"wp-block-list\">\n<li>Centro de Desarrollo Comunitario 21 de Marzo en avenida Graciano S\u00e1nchez #651 de la colonia 21 de Marzo<\/li>\n<\/ul>\n\n\n\n<ul class=\"wp-block-list\">\n<li>Centro de Desarrollo Comunitario Primero de Mayo, en calle 13 de Septiembre Lote 1, colonia Primero de Mayo 1ra Secci\u00f3n.<\/li>\n<\/ul>\n\n\n\n<ul class=\"wp-block-list\">\n<li>Centro Comunitario Santo Tom\u00e1s, en calle Circuito Santa Teresa s\/n colonia del mismo nombre.<\/li>\n<\/ul>\n\n\n\n<ul class=\"wp-block-list\">\n<li>Centro de Atenci\u00f3n Familiar San Luis 1, en Avenida Cedral en la Unidad Deportiva San Luis 1<\/li>\n<\/ul>\n\n\n\n<ul class=\"wp-block-list\">\n<li>Centro de Desarrollo Comunitario Las Huertas, en calle Cerrada de colonia Las Huertas<\/li>\n<\/ul>\n\n\n\n<ul class=\"wp-block-list\">\n<li>Centro Comunitario Rivas Guill\u00e9n, en avenida Genovevo Rivas Guill\u00e9n #409 de la colonia Genovevo Rivas Guillen Segunda Secci\u00f3n<\/li>\n<\/ul>\n\n\n\n<ul class=\"wp-block-list\">\n<li>Centro Comunitario Praderas del Maurel, en calle Laurel 112 de la colonia Praderas del Maurel.<\/li>\n<\/ul>\n\n\n\n<ul class=\"wp-block-list\">\n<li>Centro Comunitario Rivas Guill\u00e9n Sur, en calle Art\u00edculo 123 #138 de la colonia Genovevo Rivas Guillen.<\/li>\n<\/ul>\n","protected":false},"excerpt":{"rendered":"<p>El Gobierno Municipal de Soledad de Graciano S\u00e1nchez extiende una invitaci\u00f3n a la ciudadan\u00eda en general a participar en las actividades que se llevan a cabo en los ocho centros comunitarios, mismos que tiene a disposici\u00f3n el Sistema Municipal para el Desarrollo Integral de la Familia (DIF), dise\u00f1adas para personas de todas las edades. Entre [&hellip;]<\/p>\n","protected":false},"author":2,"featured_media":9976,"comment_status":"open","ping_status":"open","sticky":false,"template":"","format":"standard","meta":{"footnotes":""},"categories":[24,21],"tags":[1893,223,1892,427,294,27],"class_list":{"0":"post-9975","1":"post","2":"type-post","3":"status-publish","4":"format-standard","5":"has-post-thumbnail","7":"category-informacion-general","8":"category-tu-soledad","9":"tag-actividades-recreativas","10":"tag-ayuntamiento-soledense","11":"tag-centros-comunitarios","12":"tag-dif-soledense","13":"tag-san-luis","14":"tag-soledad"},"_links":{"self":[{"href":"https:\/\/cronicadesoledad.com\/index.php\/wp-json\/wp\/v2\/posts\/9975","targetHints":{"allow":["GET"]}}],"collection":[{"href":"https:\/\/cronicadesoledad.com\/index.php\/wp-json\/wp\/v2\/posts"}],"about":[{"href":"https:\/\/cronicadesoledad.com\/index.php\/wp-json\/wp\/v2\/types\/post"}],"author":[{"embeddable":true,"href":"https:\/\/cronicadesoledad.com\/index.php\/wp-json\/wp\/v2\/users\/2"}],"replies":[{"embeddable":true,"href":"https:\/\/cronicadesoledad.com\/index.php\/wp-json\/wp\/v2\/comments?post=9975"}],"version-history":[{"count":1,"href":"https:\/\/cronicadesoledad.com\/index.php\/wp-json\/wp\/v2\/posts\/9975\/revisions"}],"predecessor-version":[{"id":9977,"href":"https:\/\/cronicadesoledad.com\/index.php\/wp-json\/wp\/v2\/posts\/9975\/revisions\/9977"}],"wp:featuredmedia":[{"embeddable":true,"href":"https:\/\/cronicadesoledad.com\/index.php\/wp-json\/wp\/v2\/media\/9976"}],"wp:attachment":[{"href":"https:\/\/cronicadesoledad.com\/index.php\/wp-json\/wp\/v2\/media?parent=9975"}],"wp:term":[{"taxonomy":"category","embeddable":true,"href":"https:\/\/cronicadesoledad.com\/index.php\/wp-json\/wp\/v2\/categories?post=9975"},{"taxonomy":"post_tag","embeddable":true,"href":"https:\/\/cronicadesoledad.com\/index.php\/wp-json\/wp\/v2\/tags?post=9975"}],"curies":[{"name":"wp","href":"https:\/\/api.w.org\/{rel}","templated":true}]}}