{"id":9984,"date":"2024-03-08T19:00:00","date_gmt":"2024-03-09T01:00:00","guid":{"rendered":"https:\/\/cronicadesoledad.com\/?p=9984"},"modified":"2024-03-08T20:46:14","modified_gmt":"2024-03-09T02:46:14","slug":"refuerzan-atencion-a-la-violencia-familiar","status":"publish","type":"post","link":"https:\/\/cronicadesoledad.com\/index.php\/2024\/03\/08\/refuerzan-atencion-a-la-violencia-familiar\/","title":{"rendered":"Refuerzan atenci\u00f3n a la violencia familiar"},"content":{"rendered":"\n<p>La Unidad Especializada de la Polic\u00eda para la Atenci\u00f3n de la Violencia Familiar y de G\u00e9nero (UAVI) en el municipio de Soledad de Graciano S\u00e1nchez, intensifica esfuerzos para ofrecer asesor\u00eda especializada a las v\u00edctimas de delito, con un enfoque principal en mujeres, buscando erradicar las estad\u00edsticas de violencia.<\/p>\n\n\n\n<p>En el \u00faltimo mes, la Unidad Especializada report\u00f3 la canalizaci\u00f3n de 22 casos entre infantes, adolescentes, hombres y mujeres, donde se identific\u00f3 que la violencia psicol\u00f3gica prevalece sobre la f\u00edsica como principal raz\u00f3n para buscar ayuda; este fen\u00f3meno destaca la necesidad de intervenciones tempranas y un apoyo integral para las v\u00edctimas, por ello se trabaja con autoridades estatales, con el fin de ofrecer una asesor\u00eda jur\u00eddica y psicol\u00f3gica adecuada y especializada.<\/p>\n\n\n\n<p>En cifras espec\u00edficas, durante el mes de febrero se realizaron 32 asesor\u00edas jur\u00eddicas y 20 sesiones de apoyo psicol\u00f3gico, asimismo se realiz\u00f3 la canalizaci\u00f3n de casos a diferentes instituciones de apoyo, incluyendo la Procuradur\u00eda de Protecci\u00f3n de ni\u00f1as Ni\u00f1os y Adolescentes (PPNNA), Centro de Justicia, Procuradur\u00eda General, Juzgado 7 de lo Familiar, DIF Estatal, Unidad B\u00e1sica de Rehabilitaci\u00f3n 2 y Bienestar.<\/p>\n\n\n\n<p>Adem\u00e1s, durante el marco del 8 de marzo, D\u00eda Internacional de la Mujer, la Unidad Especializada realiz\u00f3 un acercamiento con la ciudadan\u00eda de Soledad de Graciano S\u00e1nchez, en donde a trav\u00e9s de un m\u00f3dulo instalado en la Plaza principal, se comparti\u00f3 un mensaje de cero tolerancia hacia la violencia contra la mujer.<\/p>\n\n\n\n<p>Se invit\u00f3 a hombres y mujeres a reflexionar sobre este d\u00eda, y reconocer la lucha social que el sector femenil ha emprendido a trav\u00e9s de los a\u00f1os.<\/p>\n\n\n\n<p>Para agendar una cita referente a cualquier denuncia o asesor\u00eda, las y los interesados se pueden comunicar al n\u00famero de contacto 44 45 85 46 36 o acudir a las oficinas de UAVI ubicadas en calle Iturbide #550 de la colonia Rancho Pav\u00f3n, en la Comandancia Central de Seguridad P\u00fablica Municipal.<\/p>\n","protected":false},"excerpt":{"rendered":"<p>La Unidad Especializada de la Polic\u00eda para la Atenci\u00f3n de la Violencia Familiar y de G\u00e9nero (UAVI) en el municipio de Soledad de Graciano S\u00e1nchez, intensifica esfuerzos para ofrecer asesor\u00eda especializada a las v\u00edctimas de delito, con un enfoque principal en mujeres, buscando erradicar las estad\u00edsticas de violencia. En el \u00faltimo mes, la Unidad Especializada [&hellip;]<\/p>\n","protected":false},"author":2,"featured_media":9985,"comment_status":"open","ping_status":"open","sticky":false,"template":"","format":"standard","meta":{"footnotes":""},"categories":[24,21],"tags":[1901,223,294,261,27,1899,1900],"class_list":{"0":"post-9984","1":"post","2":"type-post","3":"status-publish","4":"format-standard","5":"has-post-thumbnail","7":"category-informacion-general","8":"category-tu-soledad","9":"tag-atencion","10":"tag-ayuntamiento-soledense","11":"tag-san-luis","12":"tag-slp","13":"tag-soledad","14":"tag-violencia","15":"tag-violencia-familiar"},"_links":{"self":[{"href":"https:\/\/cronicadesoledad.com\/index.php\/wp-json\/wp\/v2\/posts\/9984","targetHints":{"allow":["GET"]}}],"collection":[{"href":"https:\/\/cronicadesoledad.com\/index.php\/wp-json\/wp\/v2\/posts"}],"about":[{"href":"https:\/\/cronicadesoledad.com\/index.php\/wp-json\/wp\/v2\/types\/post"}],"author":[{"embeddable":true,"href":"https:\/\/cronicadesoledad.com\/index.php\/wp-json\/wp\/v2\/users\/2"}],"replies":[{"embeddable":true,"href":"https:\/\/cronicadesoledad.com\/index.php\/wp-json\/wp\/v2\/comments?post=9984"}],"version-history":[{"count":1,"href":"https:\/\/cronicadesoledad.com\/index.php\/wp-json\/wp\/v2\/posts\/9984\/revisions"}],"predecessor-version":[{"id":9986,"href":"https:\/\/cronicadesoledad.com\/index.php\/wp-json\/wp\/v2\/posts\/9984\/revisions\/9986"}],"wp:featuredmedia":[{"embeddable":true,"href":"https:\/\/cronicadesoledad.com\/index.php\/wp-json\/wp\/v2\/media\/9985"}],"wp:attachment":[{"href":"https:\/\/cronicadesoledad.com\/index.php\/wp-json\/wp\/v2\/media?parent=9984"}],"wp:term":[{"taxonomy":"category","embeddable":true,"href":"https:\/\/cronicadesoledad.com\/index.php\/wp-json\/wp\/v2\/categories?post=9984"},{"taxonomy":"post_tag","embeddable":true,"href":"https:\/\/cronicadesoledad.com\/index.php\/wp-json\/wp\/v2\/tags?post=9984"}],"curies":[{"name":"wp","href":"https:\/\/api.w.org\/{rel}","templated":true}]}}