{"id":9990,"date":"2024-03-08T21:00:00","date_gmt":"2024-03-09T03:00:00","guid":{"rendered":"https:\/\/cronicadesoledad.com\/?p=9990"},"modified":"2024-03-08T20:52:55","modified_gmt":"2024-03-09T02:52:55","slug":"gobierno-reconoce-labor-y-aporte-de-mujeres-soledenses","status":"publish","type":"post","link":"https:\/\/cronicadesoledad.com\/index.php\/2024\/03\/08\/gobierno-reconoce-labor-y-aporte-de-mujeres-soledenses\/","title":{"rendered":"Gobierno reconoce labor y aporte de mujeres soledenses"},"content":{"rendered":"\n<p>Este 8 de marzo, 80 mujeres soledenses recibieron un reconocimiento por parte del Gobierno municipal, a trav\u00e9s de una actividad de Instancia de la Mujer, al ser consideradas piezas fundamentales de las comunidades y colonias en que habitan, para la generaci\u00f3n de servicios p\u00fablicos en beneficio de m\u00e1s mujeres y sus familias que aportan a la seguridad p\u00fablica y bienestar com\u00fan.<\/p>\n\n\n\n<p>En el marco del D\u00eda Internacional de la Mujer, en el Auditorio de Presidencia Municipal fue donde se entregaron los galardones a mujeres que han dedicado tiempo y esfuerzo, a buscar el bien com\u00fan de las y los habitantes de Soledad de Graciano S\u00e1nchez, contribuyendo as\u00ed a generar una mejor sociedad, en una fecha que conmemora un llamado a la igualdad, equidad y sobre todo a una lucha que cada d\u00eda se vuelve m\u00e1s fuerte.<\/p>\n\n\n\n<p>Algunas de las mujeres soledenses que fueron reconocidas con esta distinci\u00f3n en este 2024 son Noma Ang\u00e9lica Gonz\u00e1lez, Noemi Colunga, Lourdes Escalante, Faustina Zapata, Mar\u00eda Angela Bravo Reyna, Alejandra Guzm\u00e1n Alem\u00e1n y Mar\u00eda Rita Herrera, quienes al igual que otras, quienes han realizado diversas labores a favor de sus comunidades.<\/p>\n\n\n\n<p>Posteriormente, se anunci\u00f3 la colocaci\u00f3n de la r\u00e9plica del mensaje &#8220;Cero Tolerancia a la Violencia Contra las Mujeres&#8221;, en respuesta a la publicaci\u00f3n en el Peri\u00f3dico Oficial del Estado de San Luis Potos\u00ed, que invita a sumarse al mensaje de protecci\u00f3n institucional y coadyuvar en la garant\u00eda de los derechos fundamentales de las mujeres en cualquier espacio de la vida p\u00fablica, convirti\u00e9ndose en un recordatorio de la importancia de construir un entorno seguro e incluyente donde las mujeres puedan desarrollarse en igualdad de oportunidades.<\/p>\n","protected":false},"excerpt":{"rendered":"<p>Este 8 de marzo, 80 mujeres soledenses recibieron un reconocimiento por parte del Gobierno municipal, a trav\u00e9s de una actividad de Instancia de la Mujer, al ser consideradas piezas fundamentales de las comunidades y colonias en que habitan, para la generaci\u00f3n de servicios p\u00fablicos en beneficio de m\u00e1s mujeres y sus familias que aportan a [&hellip;]<\/p>\n","protected":false},"author":2,"featured_media":9991,"comment_status":"open","ping_status":"open","sticky":false,"template":"","format":"standard","meta":{"footnotes":""},"categories":[1,24,21],"tags":[1885,1884,223,1902,1903,318,1905,294,261,27,1904],"class_list":{"0":"post-9990","1":"post","2":"type-post","3":"status-publish","4":"format-standard","5":"has-post-thumbnail","7":"category-destacadas","8":"category-informacion-general","9":"category-tu-soledad","10":"tag-8-de-marzo","11":"tag-8m","12":"tag-ayuntamiento-soledense","13":"tag-dia-de-la-mujer-2","14":"tag-dia-internacional-de-la-mujer-2","15":"tag-mujeres","16":"tag-mujeres-soledenses","17":"tag-san-luis","18":"tag-slp","19":"tag-soledad","20":"tag-soledenses"},"_links":{"self":[{"href":"https:\/\/cronicadesoledad.com\/index.php\/wp-json\/wp\/v2\/posts\/9990","targetHints":{"allow":["GET"]}}],"collection":[{"href":"https:\/\/cronicadesoledad.com\/index.php\/wp-json\/wp\/v2\/posts"}],"about":[{"href":"https:\/\/cronicadesoledad.com\/index.php\/wp-json\/wp\/v2\/types\/post"}],"author":[{"embeddable":true,"href":"https:\/\/cronicadesoledad.com\/index.php\/wp-json\/wp\/v2\/users\/2"}],"replies":[{"embeddable":true,"href":"https:\/\/cronicadesoledad.com\/index.php\/wp-json\/wp\/v2\/comments?post=9990"}],"version-history":[{"count":1,"href":"https:\/\/cronicadesoledad.com\/index.php\/wp-json\/wp\/v2\/posts\/9990\/revisions"}],"predecessor-version":[{"id":9992,"href":"https:\/\/cronicadesoledad.com\/index.php\/wp-json\/wp\/v2\/posts\/9990\/revisions\/9992"}],"wp:featuredmedia":[{"embeddable":true,"href":"https:\/\/cronicadesoledad.com\/index.php\/wp-json\/wp\/v2\/media\/9991"}],"wp:attachment":[{"href":"https:\/\/cronicadesoledad.com\/index.php\/wp-json\/wp\/v2\/media?parent=9990"}],"wp:term":[{"taxonomy":"category","embeddable":true,"href":"https:\/\/cronicadesoledad.com\/index.php\/wp-json\/wp\/v2\/categories?post=9990"},{"taxonomy":"post_tag","embeddable":true,"href":"https:\/\/cronicadesoledad.com\/index.php\/wp-json\/wp\/v2\/tags?post=9990"}],"curies":[{"name":"wp","href":"https:\/\/api.w.org\/{rel}","templated":true}]}}