{"id":9997,"date":"2024-03-11T03:15:00","date_gmt":"2024-03-11T09:15:00","guid":{"rendered":"https:\/\/cronicadesoledad.com\/?p=9997"},"modified":"2024-03-10T23:53:56","modified_gmt":"2024-03-11T05:53:56","slug":"diferencia-de-genero-no-debe-determinar-aspiraciones-y-desafios-rector","status":"publish","type":"post","link":"https:\/\/cronicadesoledad.com\/index.php\/2024\/03\/11\/diferencia-de-genero-no-debe-determinar-aspiraciones-y-desafios-rector\/","title":{"rendered":"Diferencia de g\u00e9nero no debe determinar aspiraciones y desaf\u00edos: Rector"},"content":{"rendered":"\n<p>El rector de la Universidad Aut\u00f3noma de San Luis Potos\u00ed (UASLP), el doctor Alejandro Zerme\u00f1o, comparti\u00f3 su perspectiva sobre la participaci\u00f3n de la comunidad feminista en la instituci\u00f3n y reflexion\u00f3 sobre la igualdad de g\u00e9nero.<\/p>\n\n\n\n<p>Al ser consultado sobre la presencia de la comunidad feminista en la UASLP, el doctor Zerme\u00f1o destac\u00f3 que la diferencia de g\u00e9nero no deber\u00eda ser un factor determinante en las aspiraciones y desaf\u00edos de la vida. Afirm\u00f3 que cada individuo debe luchar por sus propios intereses, independientemente de su g\u00e9nero.<\/p>\n\n\n\n<p>En el contexto familiar, el rector comparti\u00f3 sus experiencias personales al se\u00f1alar: &#8220;Desde que era ni\u00f1o, en mi casa fuimos tres hombres, nunca tuve hermanas. Sin embargo, eso no impidi\u00f3 que mi madre nos asignara tareas como barrer, lavar los platos y tender la cama. A todos nos correspond\u00eda igual. Pero entendemos que en otras familias las din\u00e1micas pueden ser totalmente diferentes&#8221;.<\/p>\n\n\n\n<p>Ante la pregunta sobre posibles eventos planificados para conmemorar el D\u00eda de la Mujer en la UASLP, el doctor Zerme\u00f1o expres\u00f3 su confianza en que las consejer\u00edas de cada facultad se encargar\u00edan de organizar actividades significativas para celebrar a las estudiantes de la instituci\u00f3n en esta fecha emblem\u00e1tica.<\/p>\n\n\n\n<p>La UASLP, comprometida con la diversidad y la inclusi\u00f3n, contin\u00faa siendo un espacio donde se promueve el respeto y la igualdad de oportunidades para todos los miembros de la comunidad estudiantil.<\/p>\n\n\n\n<p>Pese a lo manifestado d\u00edas antes por el rector Alejandro Zerme\u00f1o, sus palabras fueron dejadas de lado poco antes de culminar la marcha del M8.<\/p>\n\n\n\n<p>Pero al finalizar la marcha del M8, que inici\u00f3 por calles del Centro Hist\u00f3rico, con un breve plant\u00f3n frente a la Fiscal\u00eda General del Estado, luego el Congreso del Estado, la Plaza de Armas frente a palacio de Gobierno y como punto final, en plazoleta de Fundadores, donde, frente al edificio central de rector\u00eda de la Universidad Aut\u00f3noma de San Luis Potos\u00ed (UASLP) arreciaron los gritos de justicia y castigo para los acosadores sexuales denunciados, maestros de la UASLP, organizada y realizada por grupos feministas.<\/p>\n\n\n\n<p>Como punto culminante le prendieron fuego a la puerta principal del edificio y, no es la primera vez que la lo hacen, para exigir a todas las autoridades, principalmente a la Fiscal\u00eda General del Estado, seg\u00fan denunciaron; \u201cpor su falta acci\u00f3n en contra de los depredadores sexuales\u201d.<\/p>\n","protected":false},"excerpt":{"rendered":"<p>El rector de la Universidad Aut\u00f3noma de San Luis Potos\u00ed (UASLP), el doctor Alejandro Zerme\u00f1o, comparti\u00f3 su perspectiva sobre la participaci\u00f3n de la comunidad feminista en la instituci\u00f3n y reflexion\u00f3 sobre la igualdad de g\u00e9nero. Al ser consultado sobre la presencia de la comunidad feminista en la UASLP, el doctor Zerme\u00f1o destac\u00f3 que la diferencia [&hellip;]<\/p>\n","protected":false},"author":2,"featured_media":9998,"comment_status":"open","ping_status":"open","sticky":false,"template":"","format":"standard","meta":{"footnotes":""},"categories":[1,24],"tags":[1907,1884,1886,1887,1910,1911,663,1908,1909,294,261,150],"class_list":{"0":"post-9997","1":"post","2":"type-post","3":"status-publish","4":"format-standard","5":"has-post-thumbnail","7":"category-destacadas","8":"category-informacion-general","9":"tag-8-de-mrazo","10":"tag-8m","11":"tag-dia-de-la-mujer","12":"tag-dia-internacional-de-la-mujer","13":"tag-marcha","14":"tag-marcha-8m","15":"tag-protesta","16":"tag-rector","17":"tag-rector-uaslp","18":"tag-san-luis","19":"tag-slp","20":"tag-uaslp"},"_links":{"self":[{"href":"https:\/\/cronicadesoledad.com\/index.php\/wp-json\/wp\/v2\/posts\/9997","targetHints":{"allow":["GET"]}}],"collection":[{"href":"https:\/\/cronicadesoledad.com\/index.php\/wp-json\/wp\/v2\/posts"}],"about":[{"href":"https:\/\/cronicadesoledad.com\/index.php\/wp-json\/wp\/v2\/types\/post"}],"author":[{"embeddable":true,"href":"https:\/\/cronicadesoledad.com\/index.php\/wp-json\/wp\/v2\/users\/2"}],"replies":[{"embeddable":true,"href":"https:\/\/cronicadesoledad.com\/index.php\/wp-json\/wp\/v2\/comments?post=9997"}],"version-history":[{"count":1,"href":"https:\/\/cronicadesoledad.com\/index.php\/wp-json\/wp\/v2\/posts\/9997\/revisions"}],"predecessor-version":[{"id":9999,"href":"https:\/\/cronicadesoledad.com\/index.php\/wp-json\/wp\/v2\/posts\/9997\/revisions\/9999"}],"wp:featuredmedia":[{"embeddable":true,"href":"https:\/\/cronicadesoledad.com\/index.php\/wp-json\/wp\/v2\/media\/9998"}],"wp:attachment":[{"href":"https:\/\/cronicadesoledad.com\/index.php\/wp-json\/wp\/v2\/media?parent=9997"}],"wp:term":[{"taxonomy":"category","embeddable":true,"href":"https:\/\/cronicadesoledad.com\/index.php\/wp-json\/wp\/v2\/categories?post=9997"},{"taxonomy":"post_tag","embeddable":true,"href":"https:\/\/cronicadesoledad.com\/index.php\/wp-json\/wp\/v2\/tags?post=9997"}],"curies":[{"name":"wp","href":"https:\/\/api.w.org\/{rel}","templated":true}]}}